{"id":19,"date":"2023-12-19T13:51:32","date_gmt":"2023-12-19T13:51:32","guid":{"rendered":"https:\/\/flexdecora.com.br\/blog\/?p=19"},"modified":"2023-12-19T13:51:35","modified_gmt":"2023-12-19T13:51:35","slug":"onde-comprar-cortinas-e-persianas-em-cotia","status":"publish","type":"post","link":"https:\/\/www.flexdecora.com.br\/blog\/cortinas-e-persianas\/onde-comprar-cortinas-e-persianas-em-cotia\/","title":{"rendered":"Cortinas e persianas sob medida: conhe\u00e7a os modelos da Flex Decora"},"content":{"rendered":"<span class=\"rt-reading-time\" style=\"display: block;\"><span class=\"rt-label rt-prefix\">Tempo de leitura<\/span> <span class=\"rt-time\">3<\/span> <span class=\"rt-label rt-postfix\">minutos<\/span><\/span>\n<p>Adquirir cortinas e persianas sob medida n\u00e3o \u00e9 uma tarefa simples. Pois, nem toda loja do setor vai oferecer variedade e tecnologia (tecidos e modos de acionamento).<\/p>\n\n\n\n<p>Pensando nisso, o blog da FlexDecora traz o conte\u00fado hoje, nele constar\u00e1 suas caracter\u00edsticas, modelos e onde compr\u00e1-los com qualidade. Continue lendo!<\/p>\n\n\n\n<div id=\"ez-toc-container\" class=\"ez-toc-v2_0_68_1 counter-hierarchy ez-toc-counter ez-toc-grey ez-toc-container-direction\">\n<div class=\"ez-toc-title-container\">\n<p class=\"ez-toc-title \" >T&oacute;picos do artigo<\/p>\n<span class=\"ez-toc-title-toggle\"><a href=\"#\" class=\"ez-toc-pull-right ez-toc-btn ez-toc-btn-xs ez-toc-btn-default ez-toc-toggle\" aria-label=\"Toggle Table of Content\"><span class=\"ez-toc-js-icon-con\"><span class=\"\"><span class=\"eztoc-hide\" style=\"display:none;\">Toggle<\/span><span class=\"ez-toc-icon-toggle-span\"><svg style=\"fill: #999;color:#999\" xmlns=\"http:\/\/www.w3.org\/2000\/svg\" class=\"list-377408\" width=\"20px\" height=\"20px\" viewBox=\"0 0 24 24\" fill=\"none\"><path d=\"M6 6H4v2h2V6zm14 0H8v2h12V6zM4 11h2v2H4v-2zm16 0H8v2h12v-2zM4 16h2v2H4v-2zm16 0H8v2h12v-2z\" fill=\"currentColor\"><\/path><\/svg><svg style=\"fill: #999;color:#999\" class=\"arrow-unsorted-368013\" xmlns=\"http:\/\/www.w3.org\/2000\/svg\" width=\"10px\" height=\"10px\" viewBox=\"0 0 24 24\" version=\"1.2\" baseProfile=\"tiny\"><path d=\"M18.2 9.3l-6.2-6.3-6.2 6.3c-.2.2-.3.4-.3.7s.1.5.3.7c.2.2.4.3.7.3h11c.3 0 .5-.1.7-.3.2-.2.3-.5.3-.7s-.1-.5-.3-.7zM5.8 14.7l6.2 6.3 6.2-6.3c.2-.2.3-.5.3-.7s-.1-.5-.3-.7c-.2-.2-.4-.3-.7-.3h-11c-.3 0-.5.1-.7.3-.2.2-.3.5-.3.7s.1.5.3.7z\"\/><\/svg><\/span><\/span><\/span><\/a><\/span><\/div>\n<nav><ul class='ez-toc-list ez-toc-list-level-1 ' ><li class='ez-toc-page-1 ez-toc-heading-level-2'><a class=\"ez-toc-link ez-toc-heading-1\" href=\"https:\/\/www.flexdecora.com.br\/blog\/cortinas-e-persianas\/onde-comprar-cortinas-e-persianas-em-cotia\/#Conheca_mais_sobre_cortinas_e_persianas_sob_medida\" title=\"Conhe\u00e7a mais sobre cortinas e persianas sob medida\">Conhe\u00e7a mais sobre cortinas e persianas sob medida<\/a><\/li><li class='ez-toc-page-1 ez-toc-heading-level-2'><a class=\"ez-toc-link ez-toc-heading-2\" href=\"https:\/\/www.flexdecora.com.br\/blog\/cortinas-e-persianas\/onde-comprar-cortinas-e-persianas-em-cotia\/#2_Tipos_de_cortinas_e_persianas_em_Cotia\" title=\"2. Tipos de cortinas e persianas em Cotia\">2. Tipos de cortinas e persianas em Cotia<\/a><ul class='ez-toc-list-level-3' ><li class='ez-toc-heading-level-3'><a class=\"ez-toc-link ez-toc-heading-3\" href=\"https:\/\/www.flexdecora.com.br\/blog\/cortinas-e-persianas\/onde-comprar-cortinas-e-persianas-em-cotia\/#Cortinas\" title=\"Cortinas\">Cortinas<\/a><\/li><li class='ez-toc-page-1 ez-toc-heading-level-3'><a class=\"ez-toc-link ez-toc-heading-4\" href=\"https:\/\/www.flexdecora.com.br\/blog\/cortinas-e-persianas\/onde-comprar-cortinas-e-persianas-em-cotia\/#Persianas\" title=\"Persianas\">Persianas<\/a><\/li><\/ul><\/li><li class='ez-toc-page-1 ez-toc-heading-level-2'><a class=\"ez-toc-link ez-toc-heading-5\" href=\"https:\/\/www.flexdecora.com.br\/blog\/cortinas-e-persianas\/onde-comprar-cortinas-e-persianas-em-cotia\/#3_Como_escolher_cortinas_e_persianas_sob_medida_em_Cotia\" title=\"3. Como escolher cortinas e persianas sob medida em Cotia?\">3. Como escolher cortinas e persianas sob medida em Cotia?<\/a><\/li><li class='ez-toc-page-1 ez-toc-heading-level-2'><a class=\"ez-toc-link ez-toc-heading-6\" href=\"https:\/\/www.flexdecora.com.br\/blog\/cortinas-e-persianas\/onde-comprar-cortinas-e-persianas-em-cotia\/#Afinal_onde_comprar_cortinas_e_persianas_em_Cotia\" title=\"Afinal, onde comprar cortinas e persianas em Cotia?\">Afinal, onde comprar cortinas e persianas em Cotia?<\/a><\/li><\/ul><\/nav><\/div>\n<h2 class=\"wp-block-heading\"><span class=\"ez-toc-section\" id=\"Conheca_mais_sobre_cortinas_e_persianas_sob_medida\"><\/span>Conhe\u00e7a mais sobre cortinas e persianas sob medida<span class=\"ez-toc-section-end\"><\/span><\/h2>\n\n\n\n<p>As cortinas e persianas em Cotia s\u00e3o pe\u00e7as usadas para reduzir a luz do ambiente. Ali\u00e1s, elas ser\u00e3o importantes elementos decorativos e permitem diferentes composi\u00e7\u00f5es.<\/p>\n\n\n\n<p>Normalmente, as cortinas s\u00e3o constru\u00eddas com variados tecidos (renda, c\u00e9lulas de mel, seda, voil, entre outros), isso traz caracter\u00edsticas como, opacidade, translucidez, reduz a intensidade de luz, isolamento t\u00e9rmico e ac\u00fastico.<\/p>\n\n\n\n<p>Quanto \u00e0s persianas, os materiais que v\u00e3o predominar s\u00e3o alum\u00ednio, bambu e PVC. Eles trazem diversas op\u00e7\u00f5es de personaliza\u00e7\u00e3o (superf\u00edcies, formatos e movimenta\u00e7\u00e3o) e s\u00e3o eficientes no bloqueio de luz solar.<\/p>\n\n\n<div class=\"wp-block-image\">\n<figure class=\"aligncenter size-full is-resized\"><a href=\"https:\/\/www.flexdecora.com.br\/persianas\" target=\"_blank\" rel=\"noreferrer noopener\"><img loading=\"lazy\" decoding=\"async\" width=\"1000\" height=\"667\" src=\"https:\/\/flexdecora.com.br\/blog\/wp-content\/uploads\/2023\/02\/interior-de-um-cafe-com-paredes-de-tijolos.jpg\" alt=\"Cortinas e persianas em Cotia\" class=\"wp-image-21\" style=\"width:544px;height:363px\" srcset=\"https:\/\/www.flexdecora.com.br\/blog\/wp-content\/uploads\/2023\/02\/interior-de-um-cafe-com-paredes-de-tijolos.jpg 1000w, https:\/\/www.flexdecora.com.br\/blog\/wp-content\/uploads\/2023\/02\/interior-de-um-cafe-com-paredes-de-tijolos-300x200.jpg 300w, https:\/\/www.flexdecora.com.br\/blog\/wp-content\/uploads\/2023\/02\/interior-de-um-cafe-com-paredes-de-tijolos-768x512.jpg 768w\" sizes=\"auto, (max-width: 1000px) 100vw, 1000px\" \/><\/a><\/figure>\n<\/div>\n\n\n<h2 class=\"wp-block-heading\"><span class=\"ez-toc-section\" id=\"2_Tipos_de_cortinas_e_persianas_em_Cotia\"><\/span>2. Tipos de cortinas e persianas em Cotia<span class=\"ez-toc-section-end\"><\/span><\/h2>\n\n\n\n<h3 class=\"wp-block-heading\"><span class=\"ez-toc-section\" id=\"Cortinas\"><\/span>Cortinas<span class=\"ez-toc-section-end\"><\/span><\/h3>\n\n\n\n<p><strong>&#8211; Monocontrole:<\/strong> \u00e9 dos melhores modelos de cortina de teto e traz \u00f3tima agilidade (acionamento por corrente);&nbsp;<\/p>\n\n\n\n<p><strong>&#8211; Passione<\/strong>: \u00e9 constru\u00edda com v\u00e1rios tecidos, oferece opacidade e deixa o ambiente mais agrad\u00e1vel (luz natural controlada);<\/p>\n\n\n\n<p><strong>&#8211; Plissada:<\/strong> se encaixa em diferentes ambientes e seu tecido possui diversas ondas.&nbsp;<\/p>\n\n\n\n<h3 class=\"wp-block-heading\"><span class=\"ez-toc-section\" id=\"Persianas\"><\/span>Persianas<span class=\"ez-toc-section-end\"><\/span><\/h3>\n\n\n\n<p><strong>&#8211; Semi Blackout: <\/strong>projetado para trazer equil\u00edbrio de luz aos ambientes, pode ser aplicada em resid\u00eancias e empresas;<\/p>\n\n\n\n<p><strong>&#8211; Vertical:<\/strong> como o pr\u00f3prio nome diz, possui um sistema de abertura e fechamento vertical;&nbsp;&nbsp;<\/p>\n\n\n\n<p><strong>&#8211; Horizontal:<\/strong> traz beleza para o ambiente e possui diversas varia\u00e7\u00f5es (madeira, curve e sint\u00e9tica).<\/p>\n\n\n<div class=\"wp-block-image\">\n<figure class=\"aligncenter size-full is-resized\"><a href=\"https:\/\/www.flexdecora.com.br\/cortinas\" target=\"_blank\" rel=\"noreferrer noopener\"><img loading=\"lazy\" decoding=\"async\" width=\"1000\" height=\"667\" src=\"https:\/\/flexdecora.com.br\/blog\/wp-content\/uploads\/2023\/02\/AdobeStock_502320993.jpg\" alt=\"cortinas e persianas em Cotia\" class=\"wp-image-22\" style=\"width:530px;height:354px\" srcset=\"https:\/\/www.flexdecora.com.br\/blog\/wp-content\/uploads\/2023\/02\/AdobeStock_502320993.jpg 1000w, https:\/\/www.flexdecora.com.br\/blog\/wp-content\/uploads\/2023\/02\/AdobeStock_502320993-300x200.jpg 300w, https:\/\/www.flexdecora.com.br\/blog\/wp-content\/uploads\/2023\/02\/AdobeStock_502320993-768x512.jpg 768w\" sizes=\"auto, (max-width: 1000px) 100vw, 1000px\" \/><\/a><\/figure>\n<\/div>\n\n\n<h2 class=\"wp-block-heading\"><span class=\"ez-toc-section\" id=\"3_Como_escolher_cortinas_e_persianas_sob_medida_em_Cotia\"><\/span>3. Como escolher cortinas e persianas sob medida em Cotia?<span class=\"ez-toc-section-end\"><\/span><\/h2>\n\n\n\n<p>Antes de adquirir um modelo de cortina ou persiana, monte um projeto decorativo, ele possuir\u00e1 diversas combina\u00e7\u00f5es de pe\u00e7as (m\u00f3veis, tecidos, pisos e paredes) e todas as dimens\u00f5es do ambiente.<\/p>\n\n\n\n<p>Com isso, procure uma loja especializada, ela precisa disponibilizar os modelos de cortinas e persianas em Cotia descritos acima. Al\u00e9m disso, trazer um servi\u00e7o completo de <a href=\"https:\/\/www.flexdecora.com.br\/instalacao\" target=\"_blank\" rel=\"noreferrer noopener\">instala\u00e7\u00e3o<\/a> e <a href=\"https:\/\/www.flexdecora.com.br\/manutencao\" target=\"_blank\" rel=\"noreferrer noopener\">manuten\u00e7\u00e3o<\/a> para as pe\u00e7as&nbsp;<\/p>\n\n\n\n<h2 class=\"wp-block-heading\"><span class=\"ez-toc-section\" id=\"Afinal_onde_comprar_cortinas_e_persianas_em_Cotia\"><\/span>Afinal, onde comprar cortinas e persianas em Cotia?<span class=\"ez-toc-section-end\"><\/span><\/h2>\n\n\n\n<p>A FlexDecora \u00e9 uma empresa especializada em cortinas, persianas e automa\u00e7\u00e3o residencial. Nossa experi\u00eancia no setor, permite uma grande variedade de servi\u00e7os, por exemplo, instala\u00e7\u00e3o, manuten\u00e7\u00e3o e motoriza\u00e7\u00e3o.<\/p>\n\n\n<div class=\"wp-block-image\">\n<figure class=\"aligncenter size-full\"><a href=\"https:\/\/flexdecora.com.br\/contato\" target=\"_blank\" rel=\"noreferrer noopener\"><img loading=\"lazy\" decoding=\"async\" width=\"750\" height=\"200\" src=\"https:\/\/flexdecora.com.br\/blog\/wp-content\/uploads\/2023\/02\/3v_Orcamento.png\" alt=\"Cortinas e Persianas sob medida\" class=\"wp-image-86\" srcset=\"https:\/\/www.flexdecora.com.br\/blog\/wp-content\/uploads\/2023\/02\/3v_Orcamento.png 750w, https:\/\/www.flexdecora.com.br\/blog\/wp-content\/uploads\/2023\/02\/3v_Orcamento-300x80.png 300w\" sizes=\"auto, (max-width: 750px) 100vw, 750px\" \/><\/a><\/figure>\n<\/div>\n\n\n<p>Aqui nossos produtos s\u00e3o confeccionados com materiais nacionais e internacionais. Isso permite uma linha com centenas de pe\u00e7as, elas proporcionam alta qualidade e design \u00fanico.<\/p>\n\n\n\n<p>Com essa finalidade, possu\u00edmos m\u00e3o de obra qualificada, investimento em tecnologias e pesquisa de novas tend\u00eancias.&nbsp;&nbsp;&nbsp;&nbsp;&nbsp;&nbsp;&nbsp;&nbsp;&nbsp;<\/p>\n\n\n<div class=\"wp-block-image\">\n<figure class=\"aligncenter size-full is-resized\"><a href=\"https:\/\/www.flexdecora.com.br\/contato\" target=\"_blank\" rel=\"noreferrer noopener\"><img loading=\"lazy\" decoding=\"async\" width=\"265\" height=\"120\" src=\"https:\/\/flexdecora.com.br\/blog\/wp-content\/uploads\/2023\/01\/flex-decora-logo.png\" alt=\"Cortinas e persianas em Cotia\" class=\"wp-image-5\" style=\"width:279px;height:126px\"\/><\/a><\/figure>\n<\/div>\n\n\n<p>Curtiu o conte\u00fado? Continue ligado no <a href=\"https:\/\/flexdecora.com.br\/blog\/\" target=\"_blank\" rel=\"noreferrer noopener\">blog da FlexDecora<\/a>, aqui trazemos as principais dicas sobre cortinas e persianas!&nbsp;<\/p>\n","protected":false},"excerpt":{"rendered":"<p><span class=\"rt-reading-time\" style=\"display: block;\"><span class=\"rt-label rt-prefix\">Tempo de leitura<\/span> <span class=\"rt-time\">3<\/span> <span class=\"rt-label rt-postfix\">minutos<\/span><\/span> Adquirir cortinas e persianas sob medida n\u00e3o \u00e9 uma tarefa simples. Pois, nem toda loja do setor vai oferecer variedade e tecnologia (tecidos e modos de acionamento). Pensando nisso, o blog da FlexDecora traz o conte\u00fado hoje, nele constar\u00e1 suas caracter\u00edsticas, modelos e onde compr\u00e1-los com qualidade. Continue lendo! Conhe\u00e7a mais sobre cortinas e persianas<\/p>\n","protected":false},"author":1,"featured_media":20,"comment_status":"open","ping_status":"open","sticky":false,"template":"","format":"standard","meta":{"footnotes":""},"categories":[14],"tags":[19,18,24,22,21,16,15,23,17,20],"class_list":["post-19","post","type-post","status-publish","format-standard","has-post-thumbnail","hentry","category-cortinas-e-persianas","tag-aplicacao-das-cortinas-e-persianas-em-cotia","tag-como-escolher-cortinas-e-persianas-em-cotia","tag-compre-cortinas-e-persianas-em-cotia","tag-conheca-as-cortinas-e-persianas-em-cotia","tag-loja-especializada-em-cortinas-e-persianas-em-cotia","tag-o-que-sao-as-cortinas-e-persianas-em-cotia","tag-onde-comprar-cortinas-e-persianas-em-cotia","tag-por-que-investir-nas-cortinas-e-persianas-em-cotia","tag-tipos-de-cortinas-e-persianas-em-cotia","tag-vantagens-das-cortinas-e-persianas-em-cotia"],"yoast_head":"<!-- This site is optimized with the Yoast SEO plugin v23.1 - https:\/\/yoast.com\/wordpress\/plugins\/seo\/ -->\n<title>Cortinas e persianas sob medida: conhe\u00e7a os modelos da Flex Decora - Flex Decora<\/title>\n<meta name=\"description\" content=\"Venha descobrir onde comprar cortinas e persianas em Cotia. Al\u00e9m disso, conhe\u00e7a suas principais caracter\u00edsticas e modelos.\" \/>\n<meta name=\"robots\" content=\"index, follow, max-snippet:-1, max-image-preview:large, max-video-preview:-1\" \/>\n<link rel=\"canonical\" href=\"https:\/\/www.flexdecora.com.br\/blog\/cortinas-e-persianas\/onde-comprar-cortinas-e-persianas-em-cotia\/\" \/>\n<meta property=\"og:locale\" content=\"pt_BR\" \/>\n<meta property=\"og:type\" content=\"article\" \/>\n<meta property=\"og:title\" content=\"Cortinas e persianas sob medida: conhe\u00e7a os modelos da Flex Decora - Flex Decora\" \/>\n<meta property=\"og:description\" content=\"Venha descobrir onde comprar cortinas e persianas em Cotia. Al\u00e9m disso, conhe\u00e7a suas principais caracter\u00edsticas e modelos.\" \/>\n<meta property=\"og:url\" content=\"https:\/\/www.flexdecora.com.br\/blog\/cortinas-e-persianas\/onde-comprar-cortinas-e-persianas-em-cotia\/\" \/>\n<meta property=\"og:site_name\" content=\"Flex Decora\" \/>\n<meta property=\"article:published_time\" content=\"2023-12-19T13:51:32+00:00\" \/>\n<meta property=\"article:modified_time\" content=\"2023-12-19T13:51:35+00:00\" \/>\n<meta property=\"og:image\" content=\"https:\/\/www.flexdecora.com.br\/blog\/wp-content\/uploads\/2023\/02\/visao-criativa-de-cortinas-de-janela-dentro-de-casa.jpg\" \/>\n\t<meta property=\"og:image:width\" content=\"1000\" \/>\n\t<meta property=\"og:image:height\" content=\"668\" \/>\n\t<meta property=\"og:image:type\" content=\"image\/jpeg\" \/>\n<meta name=\"author\" content=\"admin\" \/>\n<meta name=\"twitter:card\" content=\"summary_large_image\" \/>\n<meta name=\"twitter:label1\" content=\"Escrito por\" \/>\n\t<meta name=\"twitter:data1\" content=\"admin\" \/>\n\t<meta name=\"twitter:label2\" content=\"Est. tempo de leitura\" \/>\n\t<meta name=\"twitter:data2\" content=\"3 minutos\" \/>\n<script type=\"application\/ld+json\" class=\"yoast-schema-graph\">{\"@context\":\"https:\/\/schema.org\",\"@graph\":[{\"@type\":\"Article\",\"@id\":\"https:\/\/www.flexdecora.com.br\/blog\/cortinas-e-persianas\/onde-comprar-cortinas-e-persianas-em-cotia\/#article\",\"isPartOf\":{\"@id\":\"https:\/\/www.flexdecora.com.br\/blog\/cortinas-e-persianas\/onde-comprar-cortinas-e-persianas-em-cotia\/\"},\"author\":{\"name\":\"admin\",\"@id\":\"https:\/\/www.flexdecora.com.br\/blog\/#\/schema\/person\/6133ec47ab100a12bcb50b7b817691f3\"},\"headline\":\"Cortinas e persianas sob medida: conhe\u00e7a os modelos da Flex Decora\",\"datePublished\":\"2023-12-19T13:51:32+00:00\",\"dateModified\":\"2023-12-19T13:51:35+00:00\",\"mainEntityOfPage\":{\"@id\":\"https:\/\/www.flexdecora.com.br\/blog\/cortinas-e-persianas\/onde-comprar-cortinas-e-persianas-em-cotia\/\"},\"wordCount\":491,\"commentCount\":0,\"publisher\":{\"@id\":\"https:\/\/www.flexdecora.com.br\/blog\/#organization\"},\"image\":{\"@id\":\"https:\/\/www.flexdecora.com.br\/blog\/cortinas-e-persianas\/onde-comprar-cortinas-e-persianas-em-cotia\/#primaryimage\"},\"thumbnailUrl\":\"https:\/\/www.flexdecora.com.br\/blog\/wp-content\/uploads\/2023\/02\/visao-criativa-de-cortinas-de-janela-dentro-de-casa.jpg\",\"keywords\":[\"Aplica\u00e7\u00e3o das cortinas e persianas em Cotia\",\"Como escolher cortinas e persianas em Cotia\",\"Compre cortinas e persianas em Cotia\",\"Conhe\u00e7a as cortinas e persianas em Cotia\",\"Loja especializada em cortinas e persianas em Cotia\",\"O que s\u00e3o as cortinas e persianas em Cotia\",\"Onde comprar cortinas e persianas em Cotia\",\"Por que investir nas cortinas e persianas em Cotia\",\"Tipos de cortinas e persianas em Cotia\",\"Vantagens das cortinas e persianas em Cotia\"],\"articleSection\":[\"Cortinas e Persianas\"],\"inLanguage\":\"pt-BR\",\"potentialAction\":[{\"@type\":\"CommentAction\",\"name\":\"Comment\",\"target\":[\"https:\/\/www.flexdecora.com.br\/blog\/cortinas-e-persianas\/onde-comprar-cortinas-e-persianas-em-cotia\/#respond\"]}]},{\"@type\":\"WebPage\",\"@id\":\"https:\/\/www.flexdecora.com.br\/blog\/cortinas-e-persianas\/onde-comprar-cortinas-e-persianas-em-cotia\/\",\"url\":\"https:\/\/www.flexdecora.com.br\/blog\/cortinas-e-persianas\/onde-comprar-cortinas-e-persianas-em-cotia\/\",\"name\":\"Cortinas e persianas sob medida: conhe\u00e7a os modelos da Flex Decora - Flex Decora\",\"isPartOf\":{\"@id\":\"https:\/\/www.flexdecora.com.br\/blog\/#website\"},\"primaryImageOfPage\":{\"@id\":\"https:\/\/www.flexdecora.com.br\/blog\/cortinas-e-persianas\/onde-comprar-cortinas-e-persianas-em-cotia\/#primaryimage\"},\"image\":{\"@id\":\"https:\/\/www.flexdecora.com.br\/blog\/cortinas-e-persianas\/onde-comprar-cortinas-e-persianas-em-cotia\/#primaryimage\"},\"thumbnailUrl\":\"https:\/\/www.flexdecora.com.br\/blog\/wp-content\/uploads\/2023\/02\/visao-criativa-de-cortinas-de-janela-dentro-de-casa.jpg\",\"datePublished\":\"2023-12-19T13:51:32+00:00\",\"dateModified\":\"2023-12-19T13:51:35+00:00\",\"description\":\"Venha descobrir onde comprar cortinas e persianas em Cotia. Al\u00e9m disso, conhe\u00e7a suas principais caracter\u00edsticas e modelos.\",\"breadcrumb\":{\"@id\":\"https:\/\/www.flexdecora.com.br\/blog\/cortinas-e-persianas\/onde-comprar-cortinas-e-persianas-em-cotia\/#breadcrumb\"},\"inLanguage\":\"pt-BR\",\"potentialAction\":[{\"@type\":\"ReadAction\",\"target\":[\"https:\/\/www.flexdecora.com.br\/blog\/cortinas-e-persianas\/onde-comprar-cortinas-e-persianas-em-cotia\/\"]}]},{\"@type\":\"ImageObject\",\"inLanguage\":\"pt-BR\",\"@id\":\"https:\/\/www.flexdecora.com.br\/blog\/cortinas-e-persianas\/onde-comprar-cortinas-e-persianas-em-cotia\/#primaryimage\",\"url\":\"https:\/\/www.flexdecora.com.br\/blog\/wp-content\/uploads\/2023\/02\/visao-criativa-de-cortinas-de-janela-dentro-de-casa.jpg\",\"contentUrl\":\"https:\/\/www.flexdecora.com.br\/blog\/wp-content\/uploads\/2023\/02\/visao-criativa-de-cortinas-de-janela-dentro-de-casa.jpg\",\"width\":1000,\"height\":668,\"caption\":\"Cortinas e persianas em Cotia\"},{\"@type\":\"BreadcrumbList\",\"@id\":\"https:\/\/www.flexdecora.com.br\/blog\/cortinas-e-persianas\/onde-comprar-cortinas-e-persianas-em-cotia\/#breadcrumb\",\"itemListElement\":[{\"@type\":\"ListItem\",\"position\":1,\"name\":\"In\u00edcio\",\"item\":\"https:\/\/www.flexdecora.com.br\/blog\/\"},{\"@type\":\"ListItem\",\"position\":2,\"name\":\"Cortinas e persianas sob medida: conhe\u00e7a os modelos da Flex Decora\"}]},{\"@type\":\"WebSite\",\"@id\":\"https:\/\/www.flexdecora.com.br\/blog\/#website\",\"url\":\"https:\/\/www.flexdecora.com.br\/blog\/\",\"name\":\"Flex Decora\",\"description\":\"Blog\",\"publisher\":{\"@id\":\"https:\/\/www.flexdecora.com.br\/blog\/#organization\"},\"potentialAction\":[{\"@type\":\"SearchAction\",\"target\":{\"@type\":\"EntryPoint\",\"urlTemplate\":\"https:\/\/www.flexdecora.com.br\/blog\/?s={search_term_string}\"},\"query-input\":\"required name=search_term_string\"}],\"inLanguage\":\"pt-BR\"},{\"@type\":\"Organization\",\"@id\":\"https:\/\/www.flexdecora.com.br\/blog\/#organization\",\"name\":\"Flex Decora\",\"url\":\"https:\/\/www.flexdecora.com.br\/blog\/\",\"logo\":{\"@type\":\"ImageObject\",\"inLanguage\":\"pt-BR\",\"@id\":\"https:\/\/www.flexdecora.com.br\/blog\/#\/schema\/logo\/image\/\",\"url\":\"https:\/\/www.flexdecora.com.br\/blog\/wp-content\/uploads\/2023\/01\/flex-decora-logo.png\",\"contentUrl\":\"https:\/\/www.flexdecora.com.br\/blog\/wp-content\/uploads\/2023\/01\/flex-decora-logo.png\",\"width\":265,\"height\":120,\"caption\":\"Flex Decora\"},\"image\":{\"@id\":\"https:\/\/www.flexdecora.com.br\/blog\/#\/schema\/logo\/image\/\"}},{\"@type\":\"Person\",\"@id\":\"https:\/\/www.flexdecora.com.br\/blog\/#\/schema\/person\/6133ec47ab100a12bcb50b7b817691f3\",\"name\":\"admin\",\"image\":{\"@type\":\"ImageObject\",\"inLanguage\":\"pt-BR\",\"@id\":\"https:\/\/www.flexdecora.com.br\/blog\/#\/schema\/person\/image\/\",\"url\":\"https:\/\/secure.gravatar.com\/avatar\/db070daf5691fa03869deb40c88f59da75acd30e45894ffc51fa5392cb8a554d?s=96&d=mm&r=g\",\"contentUrl\":\"https:\/\/secure.gravatar.com\/avatar\/db070daf5691fa03869deb40c88f59da75acd30e45894ffc51fa5392cb8a554d?s=96&d=mm&r=g\",\"caption\":\"admin\"},\"sameAs\":[\"https:\/\/flexdecora.com.br\/blog\"],\"url\":\"https:\/\/www.flexdecora.com.br\/blog\/author\/admin\/\"}]}<\/script>\n<!-- \/ Yoast SEO plugin. -->","yoast_head_json":{"title":"Cortinas e persianas sob medida: conhe\u00e7a os modelos da Flex Decora - Flex Decora","description":"Venha descobrir onde comprar cortinas e persianas em Cotia. Al\u00e9m disso, conhe\u00e7a suas principais caracter\u00edsticas e modelos.","robots":{"index":"index","follow":"follow","max-snippet":"max-snippet:-1","max-image-preview":"max-image-preview:large","max-video-preview":"max-video-preview:-1"},"canonical":"https:\/\/www.flexdecora.com.br\/blog\/cortinas-e-persianas\/onde-comprar-cortinas-e-persianas-em-cotia\/","og_locale":"pt_BR","og_type":"article","og_title":"Cortinas e persianas sob medida: conhe\u00e7a os modelos da Flex Decora - Flex Decora","og_description":"Venha descobrir onde comprar cortinas e persianas em Cotia. Al\u00e9m disso, conhe\u00e7a suas principais caracter\u00edsticas e modelos.","og_url":"https:\/\/www.flexdecora.com.br\/blog\/cortinas-e-persianas\/onde-comprar-cortinas-e-persianas-em-cotia\/","og_site_name":"Flex Decora","article_published_time":"2023-12-19T13:51:32+00:00","article_modified_time":"2023-12-19T13:51:35+00:00","og_image":[{"width":1000,"height":668,"url":"https:\/\/www.flexdecora.com.br\/blog\/wp-content\/uploads\/2023\/02\/visao-criativa-de-cortinas-de-janela-dentro-de-casa.jpg","type":"image\/jpeg"}],"author":"admin","twitter_card":"summary_large_image","twitter_misc":{"Escrito por":"admin","Est. tempo de leitura":"3 minutos"},"schema":{"@context":"https:\/\/schema.org","@graph":[{"@type":"Article","@id":"https:\/\/www.flexdecora.com.br\/blog\/cortinas-e-persianas\/onde-comprar-cortinas-e-persianas-em-cotia\/#article","isPartOf":{"@id":"https:\/\/www.flexdecora.com.br\/blog\/cortinas-e-persianas\/onde-comprar-cortinas-e-persianas-em-cotia\/"},"author":{"name":"admin","@id":"https:\/\/www.flexdecora.com.br\/blog\/#\/schema\/person\/6133ec47ab100a12bcb50b7b817691f3"},"headline":"Cortinas e persianas sob medida: conhe\u00e7a os modelos da Flex Decora","datePublished":"2023-12-19T13:51:32+00:00","dateModified":"2023-12-19T13:51:35+00:00","mainEntityOfPage":{"@id":"https:\/\/www.flexdecora.com.br\/blog\/cortinas-e-persianas\/onde-comprar-cortinas-e-persianas-em-cotia\/"},"wordCount":491,"commentCount":0,"publisher":{"@id":"https:\/\/www.flexdecora.com.br\/blog\/#organization"},"image":{"@id":"https:\/\/www.flexdecora.com.br\/blog\/cortinas-e-persianas\/onde-comprar-cortinas-e-persianas-em-cotia\/#primaryimage"},"thumbnailUrl":"https:\/\/www.flexdecora.com.br\/blog\/wp-content\/uploads\/2023\/02\/visao-criativa-de-cortinas-de-janela-dentro-de-casa.jpg","keywords":["Aplica\u00e7\u00e3o das cortinas e persianas em Cotia","Como escolher cortinas e persianas em Cotia","Compre cortinas e persianas em Cotia","Conhe\u00e7a as cortinas e persianas em Cotia","Loja especializada em cortinas e persianas em Cotia","O que s\u00e3o as cortinas e persianas em Cotia","Onde comprar cortinas e persianas em Cotia","Por que investir nas cortinas e persianas em Cotia","Tipos de cortinas e persianas em Cotia","Vantagens das cortinas e persianas em Cotia"],"articleSection":["Cortinas e Persianas"],"inLanguage":"pt-BR","potentialAction":[{"@type":"CommentAction","name":"Comment","target":["https:\/\/www.flexdecora.com.br\/blog\/cortinas-e-persianas\/onde-comprar-cortinas-e-persianas-em-cotia\/#respond"]}]},{"@type":"WebPage","@id":"https:\/\/www.flexdecora.com.br\/blog\/cortinas-e-persianas\/onde-comprar-cortinas-e-persianas-em-cotia\/","url":"https:\/\/www.flexdecora.com.br\/blog\/cortinas-e-persianas\/onde-comprar-cortinas-e-persianas-em-cotia\/","name":"Cortinas e persianas sob medida: conhe\u00e7a os modelos da Flex Decora - Flex Decora","isPartOf":{"@id":"https:\/\/www.flexdecora.com.br\/blog\/#website"},"primaryImageOfPage":{"@id":"https:\/\/www.flexdecora.com.br\/blog\/cortinas-e-persianas\/onde-comprar-cortinas-e-persianas-em-cotia\/#primaryimage"},"image":{"@id":"https:\/\/www.flexdecora.com.br\/blog\/cortinas-e-persianas\/onde-comprar-cortinas-e-persianas-em-cotia\/#primaryimage"},"thumbnailUrl":"https:\/\/www.flexdecora.com.br\/blog\/wp-content\/uploads\/2023\/02\/visao-criativa-de-cortinas-de-janela-dentro-de-casa.jpg","datePublished":"2023-12-19T13:51:32+00:00","dateModified":"2023-12-19T13:51:35+00:00","description":"Venha descobrir onde comprar cortinas e persianas em Cotia. Al\u00e9m disso, conhe\u00e7a suas principais caracter\u00edsticas e modelos.","breadcrumb":{"@id":"https:\/\/www.flexdecora.com.br\/blog\/cortinas-e-persianas\/onde-comprar-cortinas-e-persianas-em-cotia\/#breadcrumb"},"inLanguage":"pt-BR","potentialAction":[{"@type":"ReadAction","target":["https:\/\/www.flexdecora.com.br\/blog\/cortinas-e-persianas\/onde-comprar-cortinas-e-persianas-em-cotia\/"]}]},{"@type":"ImageObject","inLanguage":"pt-BR","@id":"https:\/\/www.flexdecora.com.br\/blog\/cortinas-e-persianas\/onde-comprar-cortinas-e-persianas-em-cotia\/#primaryimage","url":"https:\/\/www.flexdecora.com.br\/blog\/wp-content\/uploads\/2023\/02\/visao-criativa-de-cortinas-de-janela-dentro-de-casa.jpg","contentUrl":"https:\/\/www.flexdecora.com.br\/blog\/wp-content\/uploads\/2023\/02\/visao-criativa-de-cortinas-de-janela-dentro-de-casa.jpg","width":1000,"height":668,"caption":"Cortinas e persianas em Cotia"},{"@type":"BreadcrumbList","@id":"https:\/\/www.flexdecora.com.br\/blog\/cortinas-e-persianas\/onde-comprar-cortinas-e-persianas-em-cotia\/#breadcrumb","itemListElement":[{"@type":"ListItem","position":1,"name":"In\u00edcio","item":"https:\/\/www.flexdecora.com.br\/blog\/"},{"@type":"ListItem","position":2,"name":"Cortinas e persianas sob medida: conhe\u00e7a os modelos da Flex Decora"}]},{"@type":"WebSite","@id":"https:\/\/www.flexdecora.com.br\/blog\/#website","url":"https:\/\/www.flexdecora.com.br\/blog\/","name":"Flex Decora","description":"Blog","publisher":{"@id":"https:\/\/www.flexdecora.com.br\/blog\/#organization"},"potentialAction":[{"@type":"SearchAction","target":{"@type":"EntryPoint","urlTemplate":"https:\/\/www.flexdecora.com.br\/blog\/?s={search_term_string}"},"query-input":"required name=search_term_string"}],"inLanguage":"pt-BR"},{"@type":"Organization","@id":"https:\/\/www.flexdecora.com.br\/blog\/#organization","name":"Flex Decora","url":"https:\/\/www.flexdecora.com.br\/blog\/","logo":{"@type":"ImageObject","inLanguage":"pt-BR","@id":"https:\/\/www.flexdecora.com.br\/blog\/#\/schema\/logo\/image\/","url":"https:\/\/www.flexdecora.com.br\/blog\/wp-content\/uploads\/2023\/01\/flex-decora-logo.png","contentUrl":"https:\/\/www.flexdecora.com.br\/blog\/wp-content\/uploads\/2023\/01\/flex-decora-logo.png","width":265,"height":120,"caption":"Flex Decora"},"image":{"@id":"https:\/\/www.flexdecora.com.br\/blog\/#\/schema\/logo\/image\/"}},{"@type":"Person","@id":"https:\/\/www.flexdecora.com.br\/blog\/#\/schema\/person\/6133ec47ab100a12bcb50b7b817691f3","name":"admin","image":{"@type":"ImageObject","inLanguage":"pt-BR","@id":"https:\/\/www.flexdecora.com.br\/blog\/#\/schema\/person\/image\/","url":"https:\/\/secure.gravatar.com\/avatar\/db070daf5691fa03869deb40c88f59da75acd30e45894ffc51fa5392cb8a554d?s=96&d=mm&r=g","contentUrl":"https:\/\/secure.gravatar.com\/avatar\/db070daf5691fa03869deb40c88f59da75acd30e45894ffc51fa5392cb8a554d?s=96&d=mm&r=g","caption":"admin"},"sameAs":["https:\/\/flexdecora.com.br\/blog"],"url":"https:\/\/www.flexdecora.com.br\/blog\/author\/admin\/"}]}},"_links":{"self":[{"href":"https:\/\/www.flexdecora.com.br\/blog\/wp-json\/wp\/v2\/posts\/19","targetHints":{"allow":["GET"]}}],"collection":[{"href":"https:\/\/www.flexdecora.com.br\/blog\/wp-json\/wp\/v2\/posts"}],"about":[{"href":"https:\/\/www.flexdecora.com.br\/blog\/wp-json\/wp\/v2\/types\/post"}],"author":[{"embeddable":true,"href":"https:\/\/www.flexdecora.com.br\/blog\/wp-json\/wp\/v2\/users\/1"}],"replies":[{"embeddable":true,"href":"https:\/\/www.flexdecora.com.br\/blog\/wp-json\/wp\/v2\/comments?post=19"}],"version-history":[{"count":2,"href":"https:\/\/www.flexdecora.com.br\/blog\/wp-json\/wp\/v2\/posts\/19\/revisions"}],"predecessor-version":[{"id":89,"href":"https:\/\/www.flexdecora.com.br\/blog\/wp-json\/wp\/v2\/posts\/19\/revisions\/89"}],"wp:featuredmedia":[{"embeddable":true,"href":"https:\/\/www.flexdecora.com.br\/blog\/wp-json\/wp\/v2\/media\/20"}],"wp:attachment":[{"href":"https:\/\/www.flexdecora.com.br\/blog\/wp-json\/wp\/v2\/media?parent=19"}],"wp:term":[{"taxonomy":"category","embeddable":true,"href":"https:\/\/www.flexdecora.com.br\/blog\/wp-json\/wp\/v2\/categories?post=19"},{"taxonomy":"post_tag","embeddable":true,"href":"https:\/\/www.flexdecora.com.br\/blog\/wp-json\/wp\/v2\/tags?post=19"}],"curies":[{"name":"wp","href":"https:\/\/api.w.org\/{rel}","templated":true}]}}