{"id":44,"date":"2023-06-19T17:04:35","date_gmt":"2023-06-19T17:04:35","guid":{"rendered":"https:\/\/flexdecora.com.br\/blog\/?p=44"},"modified":"2023-06-19T17:04:37","modified_gmt":"2023-06-19T17:04:37","slug":"manutencao-de-persianas-e-cortinas-qual-empresa-contratar","status":"publish","type":"post","link":"https:\/\/www.flexdecora.com.br\/blog\/manutencao\/manutencao-de-persianas-e-cortinas-qual-empresa-contratar\/","title":{"rendered":"Manuten\u00e7\u00e3o de persianas e cortinas: qual empresa contratar?"},"content":{"rendered":"<span class=\"rt-reading-time\" style=\"display: block;\"><span class=\"rt-label rt-prefix\">Tempo de leitura<\/span> <span class=\"rt-time\">2<\/span> <span class=\"rt-label rt-postfix\">minutos<\/span><\/span>\n<p>No presente, a manuten\u00e7\u00e3o de persianas e cortinas \u00e9 um servi\u00e7o que requer firmas especializadas. Eles s\u00e3o respons\u00e1veis pela troca de componentes, higieniza\u00e7\u00f5es, lubrifica\u00e7\u00f5es, reformas, entre outras coisas.<\/p>\n\n\n\n<p>Vale ressaltar que, a manuten\u00e7\u00e3o de persianas e cortinas em Jandira exige conhecimento mercadol\u00f3gico. Em outras palavras, ficar atento \u00e0s principais tend\u00eancias (nacionais ou internacionais) e buscar refer\u00eancias sobre automa\u00e7\u00e3o residencial.<\/p>\n\n\n\n<p>Dessa forma, o blog da FlexDecora apresenta esse conte\u00fado. Seu intuito \u00e9 demonstrar que somos o melhor local para fazer a manuten\u00e7\u00e3o de persiana e cortinas. Continue lendo!<\/p>\n\n\n\n<div id=\"ez-toc-container\" class=\"ez-toc-v2_0_68_1 counter-hierarchy ez-toc-counter ez-toc-grey ez-toc-container-direction\">\n<div class=\"ez-toc-title-container\">\n<p class=\"ez-toc-title \" >T&oacute;picos do artigo<\/p>\n<span class=\"ez-toc-title-toggle\"><a href=\"#\" class=\"ez-toc-pull-right ez-toc-btn ez-toc-btn-xs ez-toc-btn-default ez-toc-toggle\" aria-label=\"Toggle Table of Content\"><span class=\"ez-toc-js-icon-con\"><span class=\"\"><span class=\"eztoc-hide\" style=\"display:none;\">Toggle<\/span><span class=\"ez-toc-icon-toggle-span\"><svg style=\"fill: #999;color:#999\" xmlns=\"http:\/\/www.w3.org\/2000\/svg\" class=\"list-377408\" width=\"20px\" height=\"20px\" viewBox=\"0 0 24 24\" fill=\"none\"><path d=\"M6 6H4v2h2V6zm14 0H8v2h12V6zM4 11h2v2H4v-2zm16 0H8v2h12v-2zM4 16h2v2H4v-2zm16 0H8v2h12v-2z\" fill=\"currentColor\"><\/path><\/svg><svg style=\"fill: #999;color:#999\" class=\"arrow-unsorted-368013\" xmlns=\"http:\/\/www.w3.org\/2000\/svg\" width=\"10px\" height=\"10px\" viewBox=\"0 0 24 24\" version=\"1.2\" baseProfile=\"tiny\"><path d=\"M18.2 9.3l-6.2-6.3-6.2 6.3c-.2.2-.3.4-.3.7s.1.5.3.7c.2.2.4.3.7.3h11c.3 0 .5-.1.7-.3.2-.2.3-.5.3-.7s-.1-.5-.3-.7zM5.8 14.7l6.2 6.3 6.2-6.3c.2-.2.3-.5.3-.7s-.1-.5-.3-.7c-.2-.2-.4-.3-.7-.3h-11c-.3 0-.5.1-.7.3-.2.2-.3.5-.3.7s.1.5.3.7z\"\/><\/svg><\/span><\/span><\/span><\/a><\/span><\/div>\n<nav><ul class='ez-toc-list ez-toc-list-level-1 ' ><ul class='ez-toc-list-level-3' ><li class='ez-toc-heading-level-3'><a class=\"ez-toc-link ez-toc-heading-1\" href=\"https:\/\/www.flexdecora.com.br\/blog\/manutencao\/manutencao-de-persianas-e-cortinas-qual-empresa-contratar\/#Restabelecemos_o_funcionamento_de_varias_pecas\" title=\"Restabelecemos o funcionamento de v\u00e1rias pe\u00e7as:\">Restabelecemos o funcionamento de v\u00e1rias pe\u00e7as:<\/a><\/li><li class='ez-toc-page-1 ez-toc-heading-level-3'><a class=\"ez-toc-link ez-toc-heading-2\" href=\"https:\/\/www.flexdecora.com.br\/blog\/manutencao\/manutencao-de-persianas-e-cortinas-qual-empresa-contratar\/#Trazemos_mais_variedade_para_a_manutencao\" title=\"Trazemos mais variedade para a manuten\u00e7\u00e3o:\">Trazemos mais variedade para a manuten\u00e7\u00e3o:<\/a><\/li><\/ul><\/li><li class='ez-toc-page-1 ez-toc-heading-level-2'><a class=\"ez-toc-link ez-toc-heading-3\" href=\"https:\/\/www.flexdecora.com.br\/blog\/manutencao\/manutencao-de-persianas-e-cortinas-qual-empresa-contratar\/#Por_que_fazer_a_manutencao_na_FlexDecora\" title=\"Por que fazer a manuten\u00e7\u00e3o na FlexDecora?\">Por que fazer a manuten\u00e7\u00e3o na FlexDecora?<\/a><\/li><\/ul><\/nav><\/div>\n<h3 class=\"wp-block-heading\"><span class=\"ez-toc-section\" id=\"Restabelecemos_o_funcionamento_de_varias_pecas\"><\/span>Restabelecemos o funcionamento de v\u00e1rias pe\u00e7as:<span class=\"ez-toc-section-end\"><\/span><\/h3>\n\n\n\n<p>Em geral, a manuten\u00e7\u00e3o de persianas e cortinas em Cotia da FlexDecora visa recuperar diversos componentes. Para quem n\u00e3o sabe, eles sofrem desgastes gra\u00e7as ao ac\u00famulo de poeira e polui\u00e7\u00e3o (s\u00e3o normais em grandes centros).<\/p>\n\n\n\n<p>Ou seja, as persianas e cortinas precisam de revis\u00e3o peri\u00f3dicas. Isso garante uma limpeza mais eficiente e traz mais economia para instala\u00e7\u00f5es (comerciais e residenciais). O motivo disso, \u00e9 a identifica\u00e7\u00e3o e substitui\u00e7\u00e3o das pe\u00e7as (achar itens originais \u00e9 dif\u00edcil).<\/p>\n\n\n<div class=\"wp-block-image\">\n<figure class=\"aligncenter size-full is-resized\"><a href=\"https:\/\/www.flexdecora.com.br\/manutencao\" target=\"_blank\" rel=\"noreferrer noopener\"><img loading=\"lazy\" decoding=\"async\" src=\"https:\/\/flexdecora.com.br\/blog\/wp-content\/uploads\/2023\/04\/cortinas-sob-medida-em-Itapevi.jpg\" alt=\"Manuten\u00e7\u00e3o de persianas e cortinas\" class=\"wp-image-26\" width=\"532\" height=\"355\" srcset=\"https:\/\/www.flexdecora.com.br\/blog\/wp-content\/uploads\/2023\/04\/cortinas-sob-medida-em-Itapevi.jpg 1000w, https:\/\/www.flexdecora.com.br\/blog\/wp-content\/uploads\/2023\/04\/cortinas-sob-medida-em-Itapevi-300x200.jpg 300w, https:\/\/www.flexdecora.com.br\/blog\/wp-content\/uploads\/2023\/04\/cortinas-sob-medida-em-Itapevi-768x512.jpg 768w\" sizes=\"auto, (max-width: 532px) 100vw, 532px\" \/><\/a><\/figure>\n<\/div>\n\n\n<p>Al\u00e9m disso, a manuten\u00e7\u00e3o de persianas no Embu das Artes realizar\u00e1 testes de desempenho, isso ratifica a qualidade dos servi\u00e7os da FlexDecora e facilita a identifica\u00e7\u00e3o de novos problemas (travamentos na abertura e fechamento).&nbsp;<\/p>\n\n\n\n<h3 class=\"wp-block-heading\"><span class=\"ez-toc-section\" id=\"Trazemos_mais_variedade_para_a_manutencao\"><\/span>Trazemos mais variedade para a manuten\u00e7\u00e3o:<span class=\"ez-toc-section-end\"><\/span><\/h3>\n\n\n\n<p>Na FlexDecora, a manuten\u00e7\u00e3o persianas e cortinas em Jandira \u00e9 feita de v\u00e1rias formas. Por exemplo, alinhamento de l\u00e2minas, assist\u00eancia t\u00e9cnica para as principais marcas, lavagem, lubrifica\u00e7\u00e3o, reforma, troca de pe\u00e7as e montagem de persianas.<\/p>\n\n\n\n<p>Al\u00e9m disso, oferecemos instru\u00e7\u00f5es para a manuten\u00e7\u00e3o de cortinas, ou seja, na FlexDecora voc\u00ea sabe quando buscar avalia\u00e7\u00e3o t\u00e9cnica (a cada doze meses) e como conservar seu projeto decorativo.<\/p>\n\n\n\n<h2 class=\"wp-block-heading\"><span class=\"ez-toc-section\" id=\"Por_que_fazer_a_manutencao_na_FlexDecora\"><\/span>Por que fazer a manuten\u00e7\u00e3o na FlexDecora?<span class=\"ez-toc-section-end\"><\/span><\/h2>\n\n\n\n<p>A FlexDecora \u00e9 uma empresa especializada em servi\u00e7os para cortinas e persianas. Por exemplo, manuten\u00e7\u00e3o, motoriza\u00e7\u00e3o, instala\u00e7\u00e3o e lavagem. Ambos s\u00e3o realizados com o m\u00e1ximo de cuidado e submetidos a diversos testes.<\/p>\n\n\n\n<p>Para isso, contamos com uma excepcional equipe t\u00e9cnica, ela \u00e9 preparada para lidar com diferentes modelos de pe\u00e7as e oferece um atendimento personalizado (apresentam solu\u00e7\u00f5es completas). Entre em contato conosco e fa\u00e7a um or\u00e7amento.<\/p>\n\n\n<div class=\"wp-block-image\">\n<figure class=\"aligncenter size-full is-resized\"><a href=\"https:\/\/www.flexdecora.com.br\/contato\" target=\"_blank\" rel=\"noreferrer noopener\"><img loading=\"lazy\" decoding=\"async\" src=\"https:\/\/flexdecora.com.br\/blog\/wp-content\/uploads\/2023\/01\/flex-decora-logo.png\" alt=\"Manuten\u00e7\u00e3o de persianas e cortinas\" class=\"wp-image-5\" width=\"187\" height=\"85\"\/><\/a><\/figure>\n<\/div>\n\n\n<p>O que achou do conte\u00fado? Caso tenha gostado, continue acompanhando o <a href=\"https:\/\/flexdecora.com.br\/blog\/\" target=\"_blank\" rel=\"noreferrer noopener\">blog da FlexDecora<\/a>. Aqui voc\u00ea encontra as melhores informa\u00e7\u00f5es sobre a manuten\u00e7\u00e3o de persianas e cortinas em Itapevi!<\/p>\n","protected":false},"excerpt":{"rendered":"<p><span class=\"rt-reading-time\" style=\"display: block;\"><span class=\"rt-label rt-prefix\">Tempo de leitura<\/span> <span class=\"rt-time\">2<\/span> <span class=\"rt-label rt-postfix\">minutos<\/span><\/span> No presente, a manuten\u00e7\u00e3o de persianas e cortinas \u00e9 um servi\u00e7o que requer firmas especializadas. Eles s\u00e3o respons\u00e1veis pela troca de componentes, higieniza\u00e7\u00f5es, lubrifica\u00e7\u00f5es, reformas, entre outras coisas. Vale ressaltar que, a manuten\u00e7\u00e3o de persianas e cortinas em Jandira exige conhecimento mercadol\u00f3gico. Em outras palavras, ficar atento \u00e0s principais tend\u00eancias (nacionais ou internacionais) e buscar<\/p>\n","protected":false},"author":1,"featured_media":45,"comment_status":"open","ping_status":"open","sticky":false,"template":"","format":"standard","meta":{"footnotes":""},"categories":[188],"tags":[176,171,172,169,166,160,181,186,187,185,180,179,157,177,164,162,182,163,175,155,159,154,161,178,158,174,153,170,167,156,173,165,184,183,168,152],"class_list":["post-44","post","type-post","status-publish","format-standard","has-post-thumbnail","hentry","category-manutencao","tag-comprar-manutencao-de-cortinas","tag-comprar-manutencao-de-persianas","tag-comprar-manutencao-de-persianas-e-cortinas","tag-empresa-de-manutencao-de-cortinas","tag-empresa-de-manutencao-de-persianas","tag-empresa-de-manutencao-de-persianas-e-cortinas","tag-empresa-especializada-na-manutencao-de-cortinas","tag-empresa-especializada-na-manutencao-de-persianas","tag-empresa-especializada-na-manutencao-de-persianas-e-cortinas","tag-firma-de-manutencao-de-cortinas","tag-firma-de-manutencao-de-persianas","tag-firma-de-manutencao-de-persianas-e-cortinas","tag-manutencao-de-cortinas-em-cotia","tag-manutencao-de-cortinas-em-itapevi","tag-manutencao-de-cortinas-em-jandira","tag-manutencao-de-cortinas-em-sao-paulo","tag-manutencao-de-cortinas-em-sp","tag-manutencao-de-cortinas-no-embu-das-artes","tag-manutencao-de-cortinas-preco","tag-manutencao-de-persianas-e-cortinas-em-cotia","tag-manutencao-de-persianas-e-cortinas-em-itapevi","tag-manutencao-de-persianas-e-cortinas-em-jandira","tag-manutencao-de-persianas-e-cortinas-em-sao-paulo","tag-manutencao-de-persianas-e-cortinas-em-sp","tag-manutencao-de-persianas-e-cortinas-no-embu-das-artes","tag-manutencao-de-persianas-e-cortinas-preco","tag-manutencao-de-persianas-em-cotia","tag-manutencao-de-persianas-em-itapevi","tag-manutencao-de-persianas-em-jandira","tag-manutencao-de-persianas-em-sao-paulo","tag-manutencao-de-persianas-em-sp","tag-manutencao-de-persianas-no-embu-das-artes","tag-manutencao-de-persianas-preco","tag-onde-encontrar-manutencao-de-cortinas","tag-onde-encontrar-manutencao-de-persianas","tag-onde-encontrar-manutencao-de-persianas-e-cortinas"],"yoast_head":"<!-- This site is optimized with the Yoast SEO plugin v23.1 - https:\/\/yoast.com\/wordpress\/plugins\/seo\/ -->\n<title>Manuten\u00e7\u00e3o de persianas e cortinas: qual empresa contratar? - Flex Decora<\/title>\n<meta name=\"description\" content=\"Saiba onde fazer a manuten\u00e7\u00e3o de persianas e cortinas com m\u00e1ximo de qualidade. Ali\u00e1s, descubra as principais caracter\u00edsticas desse servi\u00e7o.\" \/>\n<meta name=\"robots\" content=\"index, follow, max-snippet:-1, max-image-preview:large, max-video-preview:-1\" \/>\n<link rel=\"canonical\" href=\"https:\/\/www.flexdecora.com.br\/blog\/manutencao\/manutencao-de-persianas-e-cortinas-qual-empresa-contratar\/\" \/>\n<meta property=\"og:locale\" content=\"pt_BR\" \/>\n<meta property=\"og:type\" content=\"article\" \/>\n<meta property=\"og:title\" content=\"Manuten\u00e7\u00e3o de persianas e cortinas: qual empresa contratar? - Flex Decora\" \/>\n<meta property=\"og:description\" content=\"Saiba onde fazer a manuten\u00e7\u00e3o de persianas e cortinas com m\u00e1ximo de qualidade. Ali\u00e1s, descubra as principais caracter\u00edsticas desse servi\u00e7o.\" \/>\n<meta property=\"og:url\" content=\"https:\/\/www.flexdecora.com.br\/blog\/manutencao\/manutencao-de-persianas-e-cortinas-qual-empresa-contratar\/\" \/>\n<meta property=\"og:site_name\" content=\"Flex Decora\" \/>\n<meta property=\"article:published_time\" content=\"2023-06-19T17:04:35+00:00\" \/>\n<meta property=\"article:modified_time\" content=\"2023-06-19T17:04:37+00:00\" \/>\n<meta property=\"og:image\" content=\"https:\/\/www.flexdecora.com.br\/blog\/wp-content\/uploads\/2023\/06\/Manutencao-de-persianas-e-cortinas.jpg\" \/>\n\t<meta property=\"og:image:width\" content=\"1000\" \/>\n\t<meta property=\"og:image:height\" content=\"630\" \/>\n\t<meta property=\"og:image:type\" content=\"image\/jpeg\" \/>\n<meta name=\"author\" content=\"admin\" \/>\n<meta name=\"twitter:card\" content=\"summary_large_image\" \/>\n<meta name=\"twitter:label1\" content=\"Escrito por\" \/>\n\t<meta name=\"twitter:data1\" content=\"admin\" \/>\n\t<meta name=\"twitter:label2\" content=\"Est. tempo de leitura\" \/>\n\t<meta name=\"twitter:data2\" content=\"2 minutos\" \/>\n<script type=\"application\/ld+json\" class=\"yoast-schema-graph\">{\"@context\":\"https:\/\/schema.org\",\"@graph\":[{\"@type\":\"Article\",\"@id\":\"https:\/\/www.flexdecora.com.br\/blog\/manutencao\/manutencao-de-persianas-e-cortinas-qual-empresa-contratar\/#article\",\"isPartOf\":{\"@id\":\"https:\/\/www.flexdecora.com.br\/blog\/manutencao\/manutencao-de-persianas-e-cortinas-qual-empresa-contratar\/\"},\"author\":{\"name\":\"admin\",\"@id\":\"https:\/\/www.flexdecora.com.br\/blog\/#\/schema\/person\/6133ec47ab100a12bcb50b7b817691f3\"},\"headline\":\"Manuten\u00e7\u00e3o de persianas e cortinas: qual empresa contratar?\",\"datePublished\":\"2023-06-19T17:04:35+00:00\",\"dateModified\":\"2023-06-19T17:04:37+00:00\",\"mainEntityOfPage\":{\"@id\":\"https:\/\/www.flexdecora.com.br\/blog\/manutencao\/manutencao-de-persianas-e-cortinas-qual-empresa-contratar\/\"},\"wordCount\":437,\"commentCount\":0,\"publisher\":{\"@id\":\"https:\/\/www.flexdecora.com.br\/blog\/#organization\"},\"image\":{\"@id\":\"https:\/\/www.flexdecora.com.br\/blog\/manutencao\/manutencao-de-persianas-e-cortinas-qual-empresa-contratar\/#primaryimage\"},\"thumbnailUrl\":\"https:\/\/www.flexdecora.com.br\/blog\/wp-content\/uploads\/2023\/06\/Manutencao-de-persianas-e-cortinas.jpg\",\"keywords\":[\"Comprar manuten\u00e7\u00e3o de cortinas\",\"Comprar manuten\u00e7\u00e3o de persianas\",\"Comprar manuten\u00e7\u00e3o de persianas e cortinas\",\"Empresa de manuten\u00e7\u00e3o de cortinas\",\"Empresa de manuten\u00e7\u00e3o de persianas\",\"Empresa de manuten\u00e7\u00e3o de persianas e cortinas\",\"Empresa especializada na manuten\u00e7\u00e3o de cortinas\",\"Empresa especializada na manuten\u00e7\u00e3o de persianas\",\"Empresa especializada na manuten\u00e7\u00e3o de persianas e cortinas\",\"Firma de manuten\u00e7\u00e3o de cortinas\",\"Firma de manuten\u00e7\u00e3o de persianas\",\"Firma de manuten\u00e7\u00e3o de persianas e cortinas\",\"Manuten\u00e7\u00e3o de cortinas em Cotia\",\"Manuten\u00e7\u00e3o de cortinas em Itapevi\",\"Manuten\u00e7\u00e3o de cortinas em Jandira\",\"Manuten\u00e7\u00e3o de cortinas em S\u00e3o Paulo\",\"Manuten\u00e7\u00e3o de cortinas em SP\",\"Manuten\u00e7\u00e3o de cortinas no Embu das Artes\",\"Manuten\u00e7\u00e3o de cortinas pre\u00e7o\",\"Manuten\u00e7\u00e3o de persianas e cortinas em Cotia\",\"Manuten\u00e7\u00e3o de persianas e cortinas em Itapevi\",\"Manuten\u00e7\u00e3o de persianas e cortinas em Jandira\",\"Manuten\u00e7\u00e3o de persianas e cortinas em S\u00e3o Paulo\",\"Manuten\u00e7\u00e3o de persianas e cortinas em SP\",\"Manuten\u00e7\u00e3o de persianas e cortinas no Embu das Artes\",\"Manuten\u00e7\u00e3o de persianas e cortinas pre\u00e7o\",\"Manuten\u00e7\u00e3o de persianas em Cotia\",\"Manuten\u00e7\u00e3o de persianas em Itapevi\",\"Manuten\u00e7\u00e3o de persianas em Jandira\",\"Manuten\u00e7\u00e3o de persianas em S\u00e3o Paulo\",\"Manuten\u00e7\u00e3o de persianas em SP\",\"Manuten\u00e7\u00e3o de persianas no Embu das Artes\",\"Manuten\u00e7\u00e3o de persianas pre\u00e7o\",\"Onde encontrar manuten\u00e7\u00e3o de cortinas\",\"Onde encontrar manuten\u00e7\u00e3o de persianas\",\"Onde encontrar manuten\u00e7\u00e3o de persianas e cortinas\"],\"articleSection\":[\"Manuten\u00e7\u00e3o\"],\"inLanguage\":\"pt-BR\",\"potentialAction\":[{\"@type\":\"CommentAction\",\"name\":\"Comment\",\"target\":[\"https:\/\/www.flexdecora.com.br\/blog\/manutencao\/manutencao-de-persianas-e-cortinas-qual-empresa-contratar\/#respond\"]}]},{\"@type\":\"WebPage\",\"@id\":\"https:\/\/www.flexdecora.com.br\/blog\/manutencao\/manutencao-de-persianas-e-cortinas-qual-empresa-contratar\/\",\"url\":\"https:\/\/www.flexdecora.com.br\/blog\/manutencao\/manutencao-de-persianas-e-cortinas-qual-empresa-contratar\/\",\"name\":\"Manuten\u00e7\u00e3o de persianas e cortinas: qual empresa contratar? - Flex Decora\",\"isPartOf\":{\"@id\":\"https:\/\/www.flexdecora.com.br\/blog\/#website\"},\"primaryImageOfPage\":{\"@id\":\"https:\/\/www.flexdecora.com.br\/blog\/manutencao\/manutencao-de-persianas-e-cortinas-qual-empresa-contratar\/#primaryimage\"},\"image\":{\"@id\":\"https:\/\/www.flexdecora.com.br\/blog\/manutencao\/manutencao-de-persianas-e-cortinas-qual-empresa-contratar\/#primaryimage\"},\"thumbnailUrl\":\"https:\/\/www.flexdecora.com.br\/blog\/wp-content\/uploads\/2023\/06\/Manutencao-de-persianas-e-cortinas.jpg\",\"datePublished\":\"2023-06-19T17:04:35+00:00\",\"dateModified\":\"2023-06-19T17:04:37+00:00\",\"description\":\"Saiba onde fazer a manuten\u00e7\u00e3o de persianas e cortinas com m\u00e1ximo de qualidade. Ali\u00e1s, descubra as principais caracter\u00edsticas desse servi\u00e7o.\",\"breadcrumb\":{\"@id\":\"https:\/\/www.flexdecora.com.br\/blog\/manutencao\/manutencao-de-persianas-e-cortinas-qual-empresa-contratar\/#breadcrumb\"},\"inLanguage\":\"pt-BR\",\"potentialAction\":[{\"@type\":\"ReadAction\",\"target\":[\"https:\/\/www.flexdecora.com.br\/blog\/manutencao\/manutencao-de-persianas-e-cortinas-qual-empresa-contratar\/\"]}]},{\"@type\":\"ImageObject\",\"inLanguage\":\"pt-BR\",\"@id\":\"https:\/\/www.flexdecora.com.br\/blog\/manutencao\/manutencao-de-persianas-e-cortinas-qual-empresa-contratar\/#primaryimage\",\"url\":\"https:\/\/www.flexdecora.com.br\/blog\/wp-content\/uploads\/2023\/06\/Manutencao-de-persianas-e-cortinas.jpg\",\"contentUrl\":\"https:\/\/www.flexdecora.com.br\/blog\/wp-content\/uploads\/2023\/06\/Manutencao-de-persianas-e-cortinas.jpg\",\"width\":1000,\"height\":630,\"caption\":\"Manuten\u00e7\u00e3o de persianas e cortinas\"},{\"@type\":\"BreadcrumbList\",\"@id\":\"https:\/\/www.flexdecora.com.br\/blog\/manutencao\/manutencao-de-persianas-e-cortinas-qual-empresa-contratar\/#breadcrumb\",\"itemListElement\":[{\"@type\":\"ListItem\",\"position\":1,\"name\":\"In\u00edcio\",\"item\":\"https:\/\/www.flexdecora.com.br\/blog\/\"},{\"@type\":\"ListItem\",\"position\":2,\"name\":\"Manuten\u00e7\u00e3o de persianas e cortinas: qual empresa contratar?\"}]},{\"@type\":\"WebSite\",\"@id\":\"https:\/\/www.flexdecora.com.br\/blog\/#website\",\"url\":\"https:\/\/www.flexdecora.com.br\/blog\/\",\"name\":\"Flex Decora\",\"description\":\"Blog\",\"publisher\":{\"@id\":\"https:\/\/www.flexdecora.com.br\/blog\/#organization\"},\"potentialAction\":[{\"@type\":\"SearchAction\",\"target\":{\"@type\":\"EntryPoint\",\"urlTemplate\":\"https:\/\/www.flexdecora.com.br\/blog\/?s={search_term_string}\"},\"query-input\":\"required name=search_term_string\"}],\"inLanguage\":\"pt-BR\"},{\"@type\":\"Organization\",\"@id\":\"https:\/\/www.flexdecora.com.br\/blog\/#organization\",\"name\":\"Flex Decora\",\"url\":\"https:\/\/www.flexdecora.com.br\/blog\/\",\"logo\":{\"@type\":\"ImageObject\",\"inLanguage\":\"pt-BR\",\"@id\":\"https:\/\/www.flexdecora.com.br\/blog\/#\/schema\/logo\/image\/\",\"url\":\"https:\/\/www.flexdecora.com.br\/blog\/wp-content\/uploads\/2023\/01\/flex-decora-logo.png\",\"contentUrl\":\"https:\/\/www.flexdecora.com.br\/blog\/wp-content\/uploads\/2023\/01\/flex-decora-logo.png\",\"width\":265,\"height\":120,\"caption\":\"Flex Decora\"},\"image\":{\"@id\":\"https:\/\/www.flexdecora.com.br\/blog\/#\/schema\/logo\/image\/\"}},{\"@type\":\"Person\",\"@id\":\"https:\/\/www.flexdecora.com.br\/blog\/#\/schema\/person\/6133ec47ab100a12bcb50b7b817691f3\",\"name\":\"admin\",\"image\":{\"@type\":\"ImageObject\",\"inLanguage\":\"pt-BR\",\"@id\":\"https:\/\/www.flexdecora.com.br\/blog\/#\/schema\/person\/image\/\",\"url\":\"https:\/\/secure.gravatar.com\/avatar\/db070daf5691fa03869deb40c88f59da75acd30e45894ffc51fa5392cb8a554d?s=96&d=mm&r=g\",\"contentUrl\":\"https:\/\/secure.gravatar.com\/avatar\/db070daf5691fa03869deb40c88f59da75acd30e45894ffc51fa5392cb8a554d?s=96&d=mm&r=g\",\"caption\":\"admin\"},\"sameAs\":[\"https:\/\/flexdecora.com.br\/blog\"],\"url\":\"https:\/\/www.flexdecora.com.br\/blog\/author\/admin\/\"}]}<\/script>\n<!-- \/ Yoast SEO plugin. -->","yoast_head_json":{"title":"Manuten\u00e7\u00e3o de persianas e cortinas: qual empresa contratar? - Flex Decora","description":"Saiba onde fazer a manuten\u00e7\u00e3o de persianas e cortinas com m\u00e1ximo de qualidade. Ali\u00e1s, descubra as principais caracter\u00edsticas desse servi\u00e7o.","robots":{"index":"index","follow":"follow","max-snippet":"max-snippet:-1","max-image-preview":"max-image-preview:large","max-video-preview":"max-video-preview:-1"},"canonical":"https:\/\/www.flexdecora.com.br\/blog\/manutencao\/manutencao-de-persianas-e-cortinas-qual-empresa-contratar\/","og_locale":"pt_BR","og_type":"article","og_title":"Manuten\u00e7\u00e3o de persianas e cortinas: qual empresa contratar? - Flex Decora","og_description":"Saiba onde fazer a manuten\u00e7\u00e3o de persianas e cortinas com m\u00e1ximo de qualidade. Ali\u00e1s, descubra as principais caracter\u00edsticas desse servi\u00e7o.","og_url":"https:\/\/www.flexdecora.com.br\/blog\/manutencao\/manutencao-de-persianas-e-cortinas-qual-empresa-contratar\/","og_site_name":"Flex Decora","article_published_time":"2023-06-19T17:04:35+00:00","article_modified_time":"2023-06-19T17:04:37+00:00","og_image":[{"width":1000,"height":630,"url":"https:\/\/www.flexdecora.com.br\/blog\/wp-content\/uploads\/2023\/06\/Manutencao-de-persianas-e-cortinas.jpg","type":"image\/jpeg"}],"author":"admin","twitter_card":"summary_large_image","twitter_misc":{"Escrito por":"admin","Est. tempo de leitura":"2 minutos"},"schema":{"@context":"https:\/\/schema.org","@graph":[{"@type":"Article","@id":"https:\/\/www.flexdecora.com.br\/blog\/manutencao\/manutencao-de-persianas-e-cortinas-qual-empresa-contratar\/#article","isPartOf":{"@id":"https:\/\/www.flexdecora.com.br\/blog\/manutencao\/manutencao-de-persianas-e-cortinas-qual-empresa-contratar\/"},"author":{"name":"admin","@id":"https:\/\/www.flexdecora.com.br\/blog\/#\/schema\/person\/6133ec47ab100a12bcb50b7b817691f3"},"headline":"Manuten\u00e7\u00e3o de persianas e cortinas: qual empresa contratar?","datePublished":"2023-06-19T17:04:35+00:00","dateModified":"2023-06-19T17:04:37+00:00","mainEntityOfPage":{"@id":"https:\/\/www.flexdecora.com.br\/blog\/manutencao\/manutencao-de-persianas-e-cortinas-qual-empresa-contratar\/"},"wordCount":437,"commentCount":0,"publisher":{"@id":"https:\/\/www.flexdecora.com.br\/blog\/#organization"},"image":{"@id":"https:\/\/www.flexdecora.com.br\/blog\/manutencao\/manutencao-de-persianas-e-cortinas-qual-empresa-contratar\/#primaryimage"},"thumbnailUrl":"https:\/\/www.flexdecora.com.br\/blog\/wp-content\/uploads\/2023\/06\/Manutencao-de-persianas-e-cortinas.jpg","keywords":["Comprar manuten\u00e7\u00e3o de cortinas","Comprar manuten\u00e7\u00e3o de persianas","Comprar manuten\u00e7\u00e3o de persianas e cortinas","Empresa de manuten\u00e7\u00e3o de cortinas","Empresa de manuten\u00e7\u00e3o de persianas","Empresa de manuten\u00e7\u00e3o de persianas e cortinas","Empresa especializada na manuten\u00e7\u00e3o de cortinas","Empresa especializada na manuten\u00e7\u00e3o de persianas","Empresa especializada na manuten\u00e7\u00e3o de persianas e cortinas","Firma de manuten\u00e7\u00e3o de cortinas","Firma de manuten\u00e7\u00e3o de persianas","Firma de manuten\u00e7\u00e3o de persianas e cortinas","Manuten\u00e7\u00e3o de cortinas em Cotia","Manuten\u00e7\u00e3o de cortinas em Itapevi","Manuten\u00e7\u00e3o de cortinas em Jandira","Manuten\u00e7\u00e3o de cortinas em S\u00e3o Paulo","Manuten\u00e7\u00e3o de cortinas em SP","Manuten\u00e7\u00e3o de cortinas no Embu das Artes","Manuten\u00e7\u00e3o de cortinas pre\u00e7o","Manuten\u00e7\u00e3o de persianas e cortinas em Cotia","Manuten\u00e7\u00e3o de persianas e cortinas em Itapevi","Manuten\u00e7\u00e3o de persianas e cortinas em Jandira","Manuten\u00e7\u00e3o de persianas e cortinas em S\u00e3o Paulo","Manuten\u00e7\u00e3o de persianas e cortinas em SP","Manuten\u00e7\u00e3o de persianas e cortinas no Embu das Artes","Manuten\u00e7\u00e3o de persianas e cortinas pre\u00e7o","Manuten\u00e7\u00e3o de persianas em Cotia","Manuten\u00e7\u00e3o de persianas em Itapevi","Manuten\u00e7\u00e3o de persianas em Jandira","Manuten\u00e7\u00e3o de persianas em S\u00e3o Paulo","Manuten\u00e7\u00e3o de persianas em SP","Manuten\u00e7\u00e3o de persianas no Embu das Artes","Manuten\u00e7\u00e3o de persianas pre\u00e7o","Onde encontrar manuten\u00e7\u00e3o de cortinas","Onde encontrar manuten\u00e7\u00e3o de persianas","Onde encontrar manuten\u00e7\u00e3o de persianas e cortinas"],"articleSection":["Manuten\u00e7\u00e3o"],"inLanguage":"pt-BR","potentialAction":[{"@type":"CommentAction","name":"Comment","target":["https:\/\/www.flexdecora.com.br\/blog\/manutencao\/manutencao-de-persianas-e-cortinas-qual-empresa-contratar\/#respond"]}]},{"@type":"WebPage","@id":"https:\/\/www.flexdecora.com.br\/blog\/manutencao\/manutencao-de-persianas-e-cortinas-qual-empresa-contratar\/","url":"https:\/\/www.flexdecora.com.br\/blog\/manutencao\/manutencao-de-persianas-e-cortinas-qual-empresa-contratar\/","name":"Manuten\u00e7\u00e3o de persianas e cortinas: qual empresa contratar? - Flex Decora","isPartOf":{"@id":"https:\/\/www.flexdecora.com.br\/blog\/#website"},"primaryImageOfPage":{"@id":"https:\/\/www.flexdecora.com.br\/blog\/manutencao\/manutencao-de-persianas-e-cortinas-qual-empresa-contratar\/#primaryimage"},"image":{"@id":"https:\/\/www.flexdecora.com.br\/blog\/manutencao\/manutencao-de-persianas-e-cortinas-qual-empresa-contratar\/#primaryimage"},"thumbnailUrl":"https:\/\/www.flexdecora.com.br\/blog\/wp-content\/uploads\/2023\/06\/Manutencao-de-persianas-e-cortinas.jpg","datePublished":"2023-06-19T17:04:35+00:00","dateModified":"2023-06-19T17:04:37+00:00","description":"Saiba onde fazer a manuten\u00e7\u00e3o de persianas e cortinas com m\u00e1ximo de qualidade. Ali\u00e1s, descubra as principais caracter\u00edsticas desse servi\u00e7o.","breadcrumb":{"@id":"https:\/\/www.flexdecora.com.br\/blog\/manutencao\/manutencao-de-persianas-e-cortinas-qual-empresa-contratar\/#breadcrumb"},"inLanguage":"pt-BR","potentialAction":[{"@type":"ReadAction","target":["https:\/\/www.flexdecora.com.br\/blog\/manutencao\/manutencao-de-persianas-e-cortinas-qual-empresa-contratar\/"]}]},{"@type":"ImageObject","inLanguage":"pt-BR","@id":"https:\/\/www.flexdecora.com.br\/blog\/manutencao\/manutencao-de-persianas-e-cortinas-qual-empresa-contratar\/#primaryimage","url":"https:\/\/www.flexdecora.com.br\/blog\/wp-content\/uploads\/2023\/06\/Manutencao-de-persianas-e-cortinas.jpg","contentUrl":"https:\/\/www.flexdecora.com.br\/blog\/wp-content\/uploads\/2023\/06\/Manutencao-de-persianas-e-cortinas.jpg","width":1000,"height":630,"caption":"Manuten\u00e7\u00e3o de persianas e cortinas"},{"@type":"BreadcrumbList","@id":"https:\/\/www.flexdecora.com.br\/blog\/manutencao\/manutencao-de-persianas-e-cortinas-qual-empresa-contratar\/#breadcrumb","itemListElement":[{"@type":"ListItem","position":1,"name":"In\u00edcio","item":"https:\/\/www.flexdecora.com.br\/blog\/"},{"@type":"ListItem","position":2,"name":"Manuten\u00e7\u00e3o de persianas e cortinas: qual empresa contratar?"}]},{"@type":"WebSite","@id":"https:\/\/www.flexdecora.com.br\/blog\/#website","url":"https:\/\/www.flexdecora.com.br\/blog\/","name":"Flex Decora","description":"Blog","publisher":{"@id":"https:\/\/www.flexdecora.com.br\/blog\/#organization"},"potentialAction":[{"@type":"SearchAction","target":{"@type":"EntryPoint","urlTemplate":"https:\/\/www.flexdecora.com.br\/blog\/?s={search_term_string}"},"query-input":"required name=search_term_string"}],"inLanguage":"pt-BR"},{"@type":"Organization","@id":"https:\/\/www.flexdecora.com.br\/blog\/#organization","name":"Flex Decora","url":"https:\/\/www.flexdecora.com.br\/blog\/","logo":{"@type":"ImageObject","inLanguage":"pt-BR","@id":"https:\/\/www.flexdecora.com.br\/blog\/#\/schema\/logo\/image\/","url":"https:\/\/www.flexdecora.com.br\/blog\/wp-content\/uploads\/2023\/01\/flex-decora-logo.png","contentUrl":"https:\/\/www.flexdecora.com.br\/blog\/wp-content\/uploads\/2023\/01\/flex-decora-logo.png","width":265,"height":120,"caption":"Flex Decora"},"image":{"@id":"https:\/\/www.flexdecora.com.br\/blog\/#\/schema\/logo\/image\/"}},{"@type":"Person","@id":"https:\/\/www.flexdecora.com.br\/blog\/#\/schema\/person\/6133ec47ab100a12bcb50b7b817691f3","name":"admin","image":{"@type":"ImageObject","inLanguage":"pt-BR","@id":"https:\/\/www.flexdecora.com.br\/blog\/#\/schema\/person\/image\/","url":"https:\/\/secure.gravatar.com\/avatar\/db070daf5691fa03869deb40c88f59da75acd30e45894ffc51fa5392cb8a554d?s=96&d=mm&r=g","contentUrl":"https:\/\/secure.gravatar.com\/avatar\/db070daf5691fa03869deb40c88f59da75acd30e45894ffc51fa5392cb8a554d?s=96&d=mm&r=g","caption":"admin"},"sameAs":["https:\/\/flexdecora.com.br\/blog"],"url":"https:\/\/www.flexdecora.com.br\/blog\/author\/admin\/"}]}},"_links":{"self":[{"href":"https:\/\/www.flexdecora.com.br\/blog\/wp-json\/wp\/v2\/posts\/44","targetHints":{"allow":["GET"]}}],"collection":[{"href":"https:\/\/www.flexdecora.com.br\/blog\/wp-json\/wp\/v2\/posts"}],"about":[{"href":"https:\/\/www.flexdecora.com.br\/blog\/wp-json\/wp\/v2\/types\/post"}],"author":[{"embeddable":true,"href":"https:\/\/www.flexdecora.com.br\/blog\/wp-json\/wp\/v2\/users\/1"}],"replies":[{"embeddable":true,"href":"https:\/\/www.flexdecora.com.br\/blog\/wp-json\/wp\/v2\/comments?post=44"}],"version-history":[{"count":1,"href":"https:\/\/www.flexdecora.com.br\/blog\/wp-json\/wp\/v2\/posts\/44\/revisions"}],"predecessor-version":[{"id":46,"href":"https:\/\/www.flexdecora.com.br\/blog\/wp-json\/wp\/v2\/posts\/44\/revisions\/46"}],"wp:featuredmedia":[{"embeddable":true,"href":"https:\/\/www.flexdecora.com.br\/blog\/wp-json\/wp\/v2\/media\/45"}],"wp:attachment":[{"href":"https:\/\/www.flexdecora.com.br\/blog\/wp-json\/wp\/v2\/media?parent=44"}],"wp:term":[{"taxonomy":"category","embeddable":true,"href":"https:\/\/www.flexdecora.com.br\/blog\/wp-json\/wp\/v2\/categories?post=44"},{"taxonomy":"post_tag","embeddable":true,"href":"https:\/\/www.flexdecora.com.br\/blog\/wp-json\/wp\/v2\/tags?post=44"}],"curies":[{"name":"wp","href":"https:\/\/api.w.org\/{rel}","templated":true}]}}